{"id":38,"date":"2021-06-08T16:01:59","date_gmt":"2021-06-08T13:01:59","guid":{"rendered":"https:\/\/katsoihminen.com\/covid-19\/?p=38"},"modified":"2021-06-11T16:32:32","modified_gmt":"2021-06-11T13:32:32","slug":"tomas-vakavasti-sairas-nuori-mies","status":"publish","type":"post","link":"https:\/\/katsoihminen.com\/covid-19\/tomas-vakavasti-sairas-nuori-mies\/","title":{"rendered":"2. Tomas \u2013 vakavasti sairas nuori mies"},"content":{"rendered":"\n<div class=\"wp-block-media-text alignfull is-stacked-on-mobile\"><figure class=\"wp-block-media-text__media\"><img loading=\"lazy\" decoding=\"async\" width=\"1024\" height=\"664\" src=\"https:\/\/katsoihminen.com\/covid-19\/wp-content\/uploads\/2021\/06\/tomas-vakavasti-sairas-1024x664.jpg\" alt=\"\" class=\"wp-image-39 size-full\" srcset=\"https:\/\/katsoihminen.com\/covid-19\/wp-content\/uploads\/2021\/06\/tomas-vakavasti-sairas-1024x664.jpg 1024w, https:\/\/katsoihminen.com\/covid-19\/wp-content\/uploads\/2021\/06\/tomas-vakavasti-sairas-300x194.jpg 300w, https:\/\/katsoihminen.com\/covid-19\/wp-content\/uploads\/2021\/06\/tomas-vakavasti-sairas-768x498.jpg 768w, https:\/\/katsoihminen.com\/covid-19\/wp-content\/uploads\/2021\/06\/tomas-vakavasti-sairas-1536x996.jpg 1536w, https:\/\/katsoihminen.com\/covid-19\/wp-content\/uploads\/2021\/06\/tomas-vakavasti-sairas-2048x1328.jpg 2048w, https:\/\/katsoihminen.com\/covid-19\/wp-content\/uploads\/2021\/06\/tomas-vakavasti-sairas-1568x1016.jpg 1568w\" sizes=\"auto, (max-width: 1024px) 100vw, 1024px\" \/><\/figure><div class=\"wp-block-media-text__content\">\n<p>Immuniteettini on heikentynyt pitk\u00e4aikaisen sairauden takia ja tartunnan saaminen saattaisi olla kuolemantuomio. T\u00e4m\u00e4 oli ensimm\u00e4isi\u00e4 ajatuksiani kuultuani viruksen levi\u00e4misest\u00e4 Suomeen. Minua huolestutti etenkin oireettomat viruksen kantajat, jotka voisivat tulla vastaan miss\u00e4 vain. Minun oli v\u00e4ltett\u00e4v\u00e4 kaikkea turhaa liikkumista julkisilla paikoilla ja minimoida kontaktini muihin ihmisiin. Paras vaihtoehtoni oli erist\u00e4yty\u00e4 t\u00e4ysin, kunnes tartuntojen lis\u00e4\u00e4ntyminen ainakin hidastuisi.<\/p>\n\n\n\n<p>Aluksi erist\u00e4ytyminen vaikutti helpolta. Viihdett\u00e4 riitti, pakaste- ja purkkiruoka ei kyll\u00e4stytt\u00e4nyt ja p\u00e4ivitt\u00e4iset puhelut vaimoni kanssa riittiv\u00e4t sosiaalisten tarpeiden yll\u00e4pit\u00e4miseen. En ollut varautunut siihen, ett\u00e4 yksin\u00e4isyys pidemm\u00e4n p\u00e4\u00e4lle koettelisi mielenterveytt\u00e4ni voimakkaasti. <span style=\"color:#ffff00\" class=\"has-inline-color\">Arkip\u00e4iv\u00e4t ja viikonloput sulautuivat yhteen, p\u00e4ivist\u00e4 tuli pitki\u00e4 ja tylsi\u00e4.<\/span> Koin, ett\u00e4 ihmisen\u00e4 minusta tuli tylsempi, en osannut en\u00e4\u00e4 yll\u00e4pit\u00e4\u00e4 normaalia keskustelua ja aiemmat kiinnostukseni aiheet tuntuivat turhilta.<\/p>\n\n\n\n<p>Korona sai minut ymm\u00e4rt\u00e4m\u00e4\u00e4n l\u00e4heisyyden t\u00e4rkeyden muihin ihmisiin ja ett\u00e4 j\u00e4tt\u00e4ytyminen tai joutuminen yhteiskunnan ulkopuolelle syyst\u00e4 tai toisesta voi olla todella haitallista mielenterveydelle.<\/p>\n\n\n\n<p class=\"has-text-align-center\">RIP Tomas<br><em>Tuulien soitot ovat vaienneet. Ymp\u00e4ri soi ikityynet veet.<\/em> <br>&#8211; Aaro Hellaakoski<\/p>\n<\/div><\/div>\n\n\n\n<p><\/p>\n","protected":false},"excerpt":{"rendered":"<p>Immuniteettini on heikentynyt pitk\u00e4aikaisen sairauden takia ja tartunnan saaminen saattaisi olla kuolemantuomio. T\u00e4m\u00e4 oli ensimm\u00e4isi\u00e4 ajatuksiani kuultuani viruksen levi\u00e4misest\u00e4 Suomeen. Minua huolestutti etenkin oireettomat viruksen kantajat, jotka voisivat tulla vastaan miss\u00e4 vain. Minun oli v\u00e4ltett\u00e4v\u00e4 kaikkea turhaa liikkumista julkisilla paikoilla ja minimoida kontaktini muihin ihmisiin. Paras vaihtoehtoni oli erist\u00e4yty\u00e4 t\u00e4ysin, kunnes tartuntojen lis\u00e4\u00e4ntyminen ainakin hidastuisi.&hellip; <a class=\"more-link\" href=\"https:\/\/katsoihminen.com\/covid-19\/tomas-vakavasti-sairas-nuori-mies\/\">Jatka lukemista <span class=\"screen-reader-text\">2. Tomas \u2013 vakavasti sairas nuori mies<\/span><\/a><\/p>\n","protected":false},"author":1,"featured_media":0,"comment_status":"closed","ping_status":"closed","sticky":false,"template":"","format":"standard","meta":{"footnotes":""},"categories":[4],"tags":[],"class_list":["post-38","post","type-post","status-publish","format-standard","hentry","category-fi","entry"],"_links":{"self":[{"href":"https:\/\/katsoihminen.com\/covid-19\/wp-json\/wp\/v2\/posts\/38","targetHints":{"allow":["GET"]}}],"collection":[{"href":"https:\/\/katsoihminen.com\/covid-19\/wp-json\/wp\/v2\/posts"}],"about":[{"href":"https:\/\/katsoihminen.com\/covid-19\/wp-json\/wp\/v2\/types\/post"}],"author":[{"embeddable":true,"href":"https:\/\/katsoihminen.com\/covid-19\/wp-json\/wp\/v2\/users\/1"}],"replies":[{"embeddable":true,"href":"https:\/\/katsoihminen.com\/covid-19\/wp-json\/wp\/v2\/comments?post=38"}],"version-history":[{"count":8,"href":"https:\/\/katsoihminen.com\/covid-19\/wp-json\/wp\/v2\/posts\/38\/revisions"}],"predecessor-version":[{"id":106,"href":"https:\/\/katsoihminen.com\/covid-19\/wp-json\/wp\/v2\/posts\/38\/revisions\/106"}],"wp:attachment":[{"href":"https:\/\/katsoihminen.com\/covid-19\/wp-json\/wp\/v2\/media?parent=38"}],"wp:term":[{"taxonomy":"category","embeddable":true,"href":"https:\/\/katsoihminen.com\/covid-19\/wp-json\/wp\/v2\/categories?post=38"},{"taxonomy":"post_tag","embeddable":true,"href":"https:\/\/katsoihminen.com\/covid-19\/wp-json\/wp\/v2\/tags?post=38"}],"curies":[{"name":"wp","href":"https:\/\/api.w.org\/{rel}","templated":true}]}}