{"id":67,"date":"2021-06-08T16:03:00","date_gmt":"2021-06-08T13:03:00","guid":{"rendered":"https:\/\/katsoihminen.com\/covid-19\/?p=67"},"modified":"2021-06-11T16:32:38","modified_gmt":"2021-06-11T13:32:38","slug":"4-veli-jukka-infektiolaakari","status":"publish","type":"post","link":"https:\/\/katsoihminen.com\/covid-19\/4-veli-jukka-infektiolaakari\/","title":{"rendered":"4. Veli-Jukka \u2013 infektiol\u00e4\u00e4k\u00e4ri"},"content":{"rendered":"\n<div class=\"wp-block-media-text alignfull is-stacked-on-mobile\"><figure class=\"wp-block-media-text__media\"><img loading=\"lazy\" decoding=\"async\" width=\"1024\" height=\"683\" src=\"https:\/\/katsoihminen.com\/covid-19\/wp-content\/uploads\/2021\/06\/veli-jukka-infektiolaakari-1024x683.jpg\" alt=\"\" class=\"wp-image-68 size-full\" srcset=\"https:\/\/katsoihminen.com\/covid-19\/wp-content\/uploads\/2021\/06\/veli-jukka-infektiolaakari-1024x683.jpg 1024w, https:\/\/katsoihminen.com\/covid-19\/wp-content\/uploads\/2021\/06\/veli-jukka-infektiolaakari-300x200.jpg 300w, https:\/\/katsoihminen.com\/covid-19\/wp-content\/uploads\/2021\/06\/veli-jukka-infektiolaakari-768x512.jpg 768w, https:\/\/katsoihminen.com\/covid-19\/wp-content\/uploads\/2021\/06\/veli-jukka-infektiolaakari-1536x1024.jpg 1536w, https:\/\/katsoihminen.com\/covid-19\/wp-content\/uploads\/2021\/06\/veli-jukka-infektiolaakari-2048x1365.jpg 2048w, https:\/\/katsoihminen.com\/covid-19\/wp-content\/uploads\/2021\/06\/veli-jukka-infektiolaakari-1568x1045.jpg 1568w\" sizes=\"auto, (max-width: 1024px) 100vw, 1024px\" \/><\/figure><div class=\"wp-block-media-text__content\">\n<p>Tammikuun 2020 puolenv\u00e4lin tienoilla aloitin aktiivisen SARS-CoV-2 viruksen seurannan. Silloin vaan puhuttiin Wuhanin viruksesta. Kun virus alkoi Italiassa levit\u00e4 helmikuussa, tiesin, ett\u00e4 virus tulee meillekin. Sairaalassa mietittiin miten eri osastot valmistautuvat vastaanottamaan koronaviruspotilaita ja mitk\u00e4 ovat henkil\u00f6kunnan ja potilaiden suojaustoimet. Henkil\u00f6kuntaa piti ohjeistaa ja kouluttaa. Henkil\u00f6kuntaa siirrettiin yksik\u00f6iden v\u00e4lill\u00e4 ja osastoja yhdisteltiin. Suojav\u00e4lineit\u00e4 ei ollut riitt\u00e4v\u00e4sti, t\u00e4m\u00e4 aiheutti muiden muutosten lis\u00e4ksi pelkoa ja ahdistusta.<\/p>\n\n\n\n<p>Alkuvaiheen j\u00e4lkeen koronaosastoilla alkoi tulla yksitt\u00e4isi\u00e4 sairastuneita ty\u00f6ntekij\u00f6it\u00e4. Usein tartunnan l\u00e4hde oli sairastunut ty\u00f6toveri tai tartunta oli saatu sairaalan ulkopuolella. Taukohuone tai yhteinen kanslia saattoi olla tartunnan suhteen vaarallisempi paikka kuin koronapotilaiden potilashuone. Hoito on koko aika kehittynyt ja monen potilaan kuolema on onnistuttu ehk\u00e4isem\u00e4\u00e4n ripeill\u00e4 toimilla mm. hyytymien ehk\u00e4isyl\u00e4\u00e4kityksell\u00e4.<\/p>\n\n\n\n<p>Suurin ongelma on ollut ajantasaisen tiedon puute. Ty\u00f6p\u00e4iv\u00e4t ovat venyneet ja lomatkin ovat menneet ty\u00f6asioissa. Mukavinta on ollut osallistua yhteisty\u00f6projekteihin, niin suojainten osalta kuin tutkimusmieless\u00e4kin. <span style=\"color:#ffff00\" class=\"has-inline-color\">Koronaviruksesta ei p\u00e4\u00e4se pois edes vapaa-ajalla<\/span>, koska media muistuttaa asiasta jopa tunneittain. Valitettavasti n\u00e4ytt\u00e4\u00e4 silt\u00e4, ett\u00e4 t\u00e4m\u00e4 jatkuu seuraavan vuoden ajan. Sen pitemm\u00e4lle en pysty nyt ajattelemaan.<\/p>\n<\/div><\/div>\n","protected":false},"excerpt":{"rendered":"<p>Tammikuun 2020 puolenv\u00e4lin tienoilla aloitin aktiivisen SARS-CoV-2 viruksen seurannan. Silloin vaan puhuttiin Wuhanin viruksesta. Kun virus alkoi Italiassa levit\u00e4 helmikuussa, tiesin, ett\u00e4 virus tulee meillekin. Sairaalassa mietittiin miten eri osastot valmistautuvat vastaanottamaan koronaviruspotilaita ja mitk\u00e4 ovat henkil\u00f6kunnan ja potilaiden suojaustoimet. Henkil\u00f6kuntaa piti ohjeistaa ja kouluttaa. Henkil\u00f6kuntaa siirrettiin yksik\u00f6iden v\u00e4lill\u00e4 ja osastoja yhdisteltiin. Suojav\u00e4lineit\u00e4 ei ollut&hellip; <a class=\"more-link\" href=\"https:\/\/katsoihminen.com\/covid-19\/4-veli-jukka-infektiolaakari\/\">Jatka lukemista <span class=\"screen-reader-text\">4. Veli-Jukka \u2013 infektiol\u00e4\u00e4k\u00e4ri<\/span><\/a><\/p>\n","protected":false},"author":1,"featured_media":0,"comment_status":"closed","ping_status":"closed","sticky":false,"template":"","format":"standard","meta":{"footnotes":""},"categories":[4],"tags":[],"class_list":["post-67","post","type-post","status-publish","format-standard","hentry","category-fi","entry"],"_links":{"self":[{"href":"https:\/\/katsoihminen.com\/covid-19\/wp-json\/wp\/v2\/posts\/67","targetHints":{"allow":["GET"]}}],"collection":[{"href":"https:\/\/katsoihminen.com\/covid-19\/wp-json\/wp\/v2\/posts"}],"about":[{"href":"https:\/\/katsoihminen.com\/covid-19\/wp-json\/wp\/v2\/types\/post"}],"author":[{"embeddable":true,"href":"https:\/\/katsoihminen.com\/covid-19\/wp-json\/wp\/v2\/users\/1"}],"replies":[{"embeddable":true,"href":"https:\/\/katsoihminen.com\/covid-19\/wp-json\/wp\/v2\/comments?post=67"}],"version-history":[{"count":1,"href":"https:\/\/katsoihminen.com\/covid-19\/wp-json\/wp\/v2\/posts\/67\/revisions"}],"predecessor-version":[{"id":69,"href":"https:\/\/katsoihminen.com\/covid-19\/wp-json\/wp\/v2\/posts\/67\/revisions\/69"}],"wp:attachment":[{"href":"https:\/\/katsoihminen.com\/covid-19\/wp-json\/wp\/v2\/media?parent=67"}],"wp:term":[{"taxonomy":"category","embeddable":true,"href":"https:\/\/katsoihminen.com\/covid-19\/wp-json\/wp\/v2\/categories?post=67"},{"taxonomy":"post_tag","embeddable":true,"href":"https:\/\/katsoihminen.com\/covid-19\/wp-json\/wp\/v2\/tags?post=67"}],"curies":[{"name":"wp","href":"https:\/\/api.w.org\/{rel}","templated":true}]}}