{"id":91,"date":"2021-06-08T16:11:00","date_gmt":"2021-06-08T13:11:00","guid":{"rendered":"https:\/\/katsoihminen.com\/covid-19\/?p=91"},"modified":"2021-06-11T17:15:12","modified_gmt":"2021-06-11T14:15:12","slug":"8-johan-teatterinjohtaja-tuottaja","status":"publish","type":"post","link":"https:\/\/katsoihminen.com\/covid-19\/8-johan-teatterinjohtaja-tuottaja\/","title":{"rendered":"8. Johan \u2013 teatterinjohtaja\/tuottaja"},"content":{"rendered":"\n<div class=\"wp-block-media-text alignfull is-stacked-on-mobile\"><figure class=\"wp-block-media-text__media\"><img loading=\"lazy\" decoding=\"async\" width=\"1024\" height=\"658\" src=\"https:\/\/katsoihminen.com\/covid-19\/wp-content\/uploads\/2021\/06\/johan-teatterinjohtaja-1024x658.jpg\" alt=\"\" class=\"wp-image-92 size-full\" srcset=\"https:\/\/katsoihminen.com\/covid-19\/wp-content\/uploads\/2021\/06\/johan-teatterinjohtaja-1024x658.jpg 1024w, https:\/\/katsoihminen.com\/covid-19\/wp-content\/uploads\/2021\/06\/johan-teatterinjohtaja-300x193.jpg 300w, https:\/\/katsoihminen.com\/covid-19\/wp-content\/uploads\/2021\/06\/johan-teatterinjohtaja-768x493.jpg 768w, https:\/\/katsoihminen.com\/covid-19\/wp-content\/uploads\/2021\/06\/johan-teatterinjohtaja-1536x986.jpg 1536w, https:\/\/katsoihminen.com\/covid-19\/wp-content\/uploads\/2021\/06\/johan-teatterinjohtaja-2048x1315.jpg 2048w, https:\/\/katsoihminen.com\/covid-19\/wp-content\/uploads\/2021\/06\/johan-teatterinjohtaja-1568x1007.jpg 1568w\" sizes=\"auto, (max-width: 1024px) 100vw, 1024px\" \/><\/figure><div class=\"wp-block-media-text__content\">\n<p>Saimme jo joulukuussa kansainv\u00e4lisen ryhm\u00e4mme kiinalaiselta kollegalta tietoa koronasta. Tuotantomme keskeytettiin ja siirryimme et\u00e4toimintaan, sopimuksia jatkettiin ja esityksille etsittiin uutta ajankohtaa. Ty\u00f6 ja kustannukset lis\u00e4\u00e4ntyv\u00e4t. Valtiolta saamamme tuki est\u00e4\u00e4 kaatumisemme, vaikka ei kuluja katakaan.<\/p>\n\n\n\n<p>Kotona ty\u00f6skentely ja sosiaalisen el\u00e4m\u00e4n puute antoivat aikaa v\u00e4it\u00f6skirjani valmisteluun.<\/p>\n\n\n\n<p>Koulu muutti kotiin. Perheen yhdess\u00e4olo tiivistyi ja kodin vastuut jaettiin uudella tavalla. Kaupassa k\u00e4ynti\u00e4 ja julkisilla liikkumista pyrittiin v\u00e4ltt\u00e4m\u00e4\u00e4n. Isovanhempiin pidettiin yhteytt\u00e4 videon v\u00e4lityksell\u00e4. En ole ollut hirve\u00e4n peloissani, en ole ajatellut, ett\u00e4 el\u00e4m\u00e4 t\u00e4h\u00e4n loppuu. Olen kuitenkin havainnut ahdistusta ja vet\u00e4ytymist\u00e4, j\u00e4nnityksi\u00e4 tilanteissa, joissa ihmiset eiv\u00e4t oikein tied\u00e4 miten toimia. My\u00f6s perheen sis\u00e4ll\u00e4: Jos joku menee ulos, ei tied\u00e4, mit\u00e4 h\u00e4n tuo sielt\u00e4 kotiin.<\/p>\n\n\n\n<p>Muutosten ja kriisien keskell\u00e4 yhteis\u00f6llisyys k\u00e4rsii. Ihmiset tarvitsevat toisiaan. Erill\u00e4\u00e4n my\u00f6s luovuus k\u00e4rsii. Eri ihmiset reagoivat eri tavoin, eri yhteiskunnat ovat hakeneet erilaisia ratkaisuja tilanteeseen. Haasteet ovat hyv\u00e4 asia, mutta niiden ei pid\u00e4 antaa muuttua ongelmiksi. <span style=\"color:#ffff00\" class=\"has-inline-color\">Mit\u00e4 tapahtuu pandemian j\u00e4lkeen?<\/span> Tulemmeko olemaan varovaisempia ja kuinka pitk\u00e4\u00e4n? Joka tapauksessa t\u00e4ytyy uskoa, ett\u00e4 jokainen kriisi tuo my\u00f6s jotain hyv\u00e4\u00e4.<\/p>\n<\/div><\/div>\n","protected":false},"excerpt":{"rendered":"<p>Saimme jo joulukuussa kansainv\u00e4lisen ryhm\u00e4mme kiinalaiselta kollegalta tietoa koronasta. Tuotantomme keskeytettiin ja siirryimme et\u00e4toimintaan, sopimuksia jatkettiin ja esityksille etsittiin uutta ajankohtaa. Ty\u00f6 ja kustannukset lis\u00e4\u00e4ntyv\u00e4t. Valtiolta saamamme tuki est\u00e4\u00e4 kaatumisemme, vaikka ei kuluja katakaan. Kotona ty\u00f6skentely ja sosiaalisen el\u00e4m\u00e4n puute antoivat aikaa v\u00e4it\u00f6skirjani valmisteluun. Koulu muutti kotiin. Perheen yhdess\u00e4olo tiivistyi ja kodin vastuut jaettiin uudella&hellip; <a class=\"more-link\" href=\"https:\/\/katsoihminen.com\/covid-19\/8-johan-teatterinjohtaja-tuottaja\/\">Jatka lukemista <span class=\"screen-reader-text\">8. Johan \u2013 teatterinjohtaja\/tuottaja<\/span><\/a><\/p>\n","protected":false},"author":1,"featured_media":0,"comment_status":"closed","ping_status":"closed","sticky":false,"template":"","format":"standard","meta":{"footnotes":""},"categories":[4],"tags":[],"class_list":["post-91","post","type-post","status-publish","format-standard","hentry","category-fi","entry"],"_links":{"self":[{"href":"https:\/\/katsoihminen.com\/covid-19\/wp-json\/wp\/v2\/posts\/91","targetHints":{"allow":["GET"]}}],"collection":[{"href":"https:\/\/katsoihminen.com\/covid-19\/wp-json\/wp\/v2\/posts"}],"about":[{"href":"https:\/\/katsoihminen.com\/covid-19\/wp-json\/wp\/v2\/types\/post"}],"author":[{"embeddable":true,"href":"https:\/\/katsoihminen.com\/covid-19\/wp-json\/wp\/v2\/users\/1"}],"replies":[{"embeddable":true,"href":"https:\/\/katsoihminen.com\/covid-19\/wp-json\/wp\/v2\/comments?post=91"}],"version-history":[{"count":1,"href":"https:\/\/katsoihminen.com\/covid-19\/wp-json\/wp\/v2\/posts\/91\/revisions"}],"predecessor-version":[{"id":93,"href":"https:\/\/katsoihminen.com\/covid-19\/wp-json\/wp\/v2\/posts\/91\/revisions\/93"}],"wp:attachment":[{"href":"https:\/\/katsoihminen.com\/covid-19\/wp-json\/wp\/v2\/media?parent=91"}],"wp:term":[{"taxonomy":"category","embeddable":true,"href":"https:\/\/katsoihminen.com\/covid-19\/wp-json\/wp\/v2\/categories?post=91"},{"taxonomy":"post_tag","embeddable":true,"href":"https:\/\/katsoihminen.com\/covid-19\/wp-json\/wp\/v2\/tags?post=91"}],"curies":[{"name":"wp","href":"https:\/\/api.w.org\/{rel}","templated":true}]}}